{"id":319,"date":"2009-02-22T20:37:00","date_gmt":"2009-02-22T19:37:00","guid":{"rendered":"http:\/\/lotta.hellstrom.st\/blog\/?p=319"},"modified":"2009-02-22T20:37:00","modified_gmt":"2009-02-22T19:37:00","slug":"tema-frukost","status":"publish","type":"post","link":"https:\/\/lotta.agholme.se\/blog\/?p=319","title":{"rendered":"Tema: Frukost"},"content":{"rendered":"<p>Frukost \u00e4r nog den m\u00e5ltid jag gillar b\u00e4st. Det finns ju s\u00e5 mycket gott, och p\u00e5 helgerna kan jag \u00e4ta frukost halva f\u00f6rmiddagen. Den kommande veckan t\u00e4nkte d\u00e4rf\u00f6r ha frukost-tema. Varje dag kommer jag visa upp min frukost, som ska vara n\u00e5got nytt varje morgon. <\/p>\n<p>Jag ska inte kr\u00e5ngla till det, utan frukostarna ska best\u00e5 av saker jag oftast har hemma och de ska vara snabba att fixa (i alla fall p\u00e5 vardagarna). Jag \u00e4r ganska traditionell med mycket &#8220;mj\u00f6lkprodukt och macka&#8221; alternativt &#8220;gr\u00f6t och macka&#8221; och det kommer bli lite (roliga?) varianter p\u00e5 detta. Till helgen kommer kanske lite mer tidskr\u00e4vande varma frukostar. <\/p>\n<p>Tanken \u00e4r dels att jag sj\u00e4lv ska variera mig lite mer och samtidigt (f\u00f6rhoppningsvis) inspirera andra till att \u00e4ta mer\/annorlunda frukost. DN S\u00f6ndag skriver senast idag att var tredje svensk \u00e4ter f\u00f6r d\u00e5ligt till frukost. Det h\u00e4r f\u00e5r v\u00e4l bli mitt bidrag att f\u00f6rs\u00f6ka \u00e4nda p\u00e5 det! Hoppas ni blir inspirerade!  <\/p>\n<p>Ge g\u00e4rna kommentarer och egna tips p\u00e5 goda frukostar s\u00e5 jag kan f\u00f6rnya mig \u00e4nnu mer, f\u00f6r frukost, det blir det ju varje morgon!<\/p>\n<p>Dessutom:<br \/>\nNu n\u00e4r fastlagss\u00f6ndagen \u00e4r h\u00e4r s\u00e5 har min semmel-s\u00e4song startat. F\u00f6rsta &#8220;lovliga&#8221; semlan \u00e4r upp\u00e4ten och det kommer s\u00e4kert f\u00f6rslag p\u00e5 semmelvarianter n\u00e5gra tisdagar fram\u00f6ver, f\u00f6r nu \u00e4r semmeltisdagarna h\u00e4r!<\/p>\n","protected":false},"excerpt":{"rendered":"<p>Frukost \u00e4r nog den m\u00e5ltid jag gillar b\u00e4st. Det finns ju s\u00e5 mycket gott, och p\u00e5 helgerna kan jag \u00e4ta frukost halva f\u00f6rmiddagen. Den kommande veckan t\u00e4nkte d\u00e4rf\u00f6r ha frukost-tema. Varje dag kommer jag visa upp min frukost, som ska vara n\u00e5got nytt varje morgon. Jag ska inte kr\u00e5ngla till det, utan frukostarna ska best\u00e5 [&hellip;]<\/p>\n","protected":false},"author":2,"featured_media":0,"comment_status":"open","ping_status":"open","sticky":false,"template":"","format":"standard","meta":{"footnotes":""},"categories":[25,3,26],"tags":[],"class_list":["post-319","post","type-post","status-publish","format-standard","hentry","category-frukost","category-mat","category-tema"],"_links":{"self":[{"href":"https:\/\/lotta.agholme.se\/blog\/index.php?rest_route=\/wp\/v2\/posts\/319","targetHints":{"allow":["GET"]}}],"collection":[{"href":"https:\/\/lotta.agholme.se\/blog\/index.php?rest_route=\/wp\/v2\/posts"}],"about":[{"href":"https:\/\/lotta.agholme.se\/blog\/index.php?rest_route=\/wp\/v2\/types\/post"}],"author":[{"embeddable":true,"href":"https:\/\/lotta.agholme.se\/blog\/index.php?rest_route=\/wp\/v2\/users\/2"}],"replies":[{"embeddable":true,"href":"https:\/\/lotta.agholme.se\/blog\/index.php?rest_route=%2Fwp%2Fv2%2Fcomments&post=319"}],"version-history":[{"count":2,"href":"https:\/\/lotta.agholme.se\/blog\/index.php?rest_route=\/wp\/v2\/posts\/319\/revisions"}],"predecessor-version":[{"id":321,"href":"https:\/\/lotta.agholme.se\/blog\/index.php?rest_route=\/wp\/v2\/posts\/319\/revisions\/321"}],"wp:attachment":[{"href":"https:\/\/lotta.agholme.se\/blog\/index.php?rest_route=%2Fwp%2Fv2%2Fmedia&parent=319"}],"wp:term":[{"taxonomy":"category","embeddable":true,"href":"https:\/\/lotta.agholme.se\/blog\/index.php?rest_route=%2Fwp%2Fv2%2Fcategories&post=319"},{"taxonomy":"post_tag","embeddable":true,"href":"https:\/\/lotta.agholme.se\/blog\/index.php?rest_route=%2Fwp%2Fv2%2Ftags&post=319"}],"curies":[{"name":"wp","href":"https:\/\/api.w.org\/{rel}","templated":true}]}}