{"id":2009,"date":"2010-12-01T22:28:58","date_gmt":"2010-12-01T21:28:58","guid":{"rendered":"http:\/\/lotta.hellstrom.st\/blog\/?p=2009"},"modified":"2010-12-01T22:28:58","modified_gmt":"2010-12-01T21:28:58","slug":"finaste-chokladkalendern-till-finaste-mannen","status":"publish","type":"post","link":"https:\/\/lotta.agholme.se\/blog\/?p=2009","title":{"rendered":"Finaste chokladkalendern till finaste mannen!"},"content":{"rendered":"<p>Min november var en m\u00f6rk m\u00e5nad. Ingen energi eller skaparlust i k\u00f6ket. Stress som kanske var verklig, kanske bara sj\u00e4lvupplevd. Nu \u00e4r i alla fall julm\u00e5naden h\u00e4r, och i och med all sn\u00f6 och alla fina ljus s\u00e5 b\u00f6rjar energin s\u00e5 sakteliga komma till baka. Sicken tur, nu n\u00e4r det \u00e4r dax f\u00f6r allt julbak!<\/p>\n<p>N\u00e4r jag var liten s\u00e5 fick jag ingen chokladkalender. Inte ens vid jul kunde mina f\u00f6r\u00e4ldrar t\u00e4nka sig att till\u00e5ta mig \u00e4ta choklad varje dag. N\u00e4r jag blev \u00e4ldre s\u00e5 b\u00f6rjade det ruckas p\u00e5 reglerna och mina sm\u00e5syskon fick s\u00e5klart chokladkalendrar. Men inte var mamma or\u00e4ttvis inte, s\u00e5 fr\u00e5n ungef\u00e4r 20 \u00e5rs \u00e5lder fick jag ocks\u00e5 en chokladkalender varje f\u00f6rsta advent. Tyv\u00e4rr ins\u00e5g jag d\u00e5 att chokladen i dessa kalendrar inte var speciellt god.<\/p>\n<p><a href=\"http:\/\/lotta.hellstrom.st\/blog\/wp-content\/uploads\/2010\/12\/chokladkalender.jpg\"><img loading=\"lazy\" decoding=\"async\" src=\"http:\/\/lotta.hellstrom.st\/blog\/wp-content\/uploads\/2010\/12\/chokladkalender.jpg\" alt=\"Chokladkalender 2010\" title=\"Chokladkalender 2010\" width=\"300\" height=\"450\" class=\"aligncenter size-full wp-image-2010\" srcset=\"https:\/\/lotta.agholme.se\/blog\/wp-content\/uploads\/2010\/12\/chokladkalender.jpg 300w, https:\/\/lotta.agholme.se\/blog\/wp-content\/uploads\/2010\/12\/chokladkalender-200x300.jpg 200w\" sizes=\"auto, (max-width: 300px) 100vw, 300px\" \/><\/a><\/p>\n<p>N\u00e4r det nu var dags f\u00f6r mig att \u00f6verraska fina mannen med en chokladkalender s\u00e5 var jag ju tvungen att g\u00f6ra den lite lyxigare. Sagt och gjort hastade jag ig\u00e5r iv\u00e4g och inhandlade byggmaterial till kalendern, samt tryfflar och n\u00e5got extra till sista &#8220;luckan&#8221;. Med tanke p\u00e5 att jag pysslande in till sena natten ig\u00e5r s\u00e5 var det nog tur att jag inte st\u00e4llde mig och bakade tryfflarna sj\u00e4lv. Men n\u00e4sta \u00e5r, d\u00e5 kalendern redan st\u00e5r f\u00e4rdig s\u00e5 kan det bli hemrullade tryfflar ocks\u00e5. K\u00e4nner ni er lite pyssliga s\u00e5 tipsar jag om ett recept p\u00e5 <a href=\"http:\/\/lotta.hellstrom.st\/blog\/?p=1273\">hallontryffel<\/a>.<\/p>\n","protected":false},"excerpt":{"rendered":"<p>Min november var en m\u00f6rk m\u00e5nad. Ingen energi eller skaparlust i k\u00f6ket. Stress som kanske var verklig, kanske bara sj\u00e4lvupplevd. Nu \u00e4r i alla fall julm\u00e5naden h\u00e4r, och i och med all sn\u00f6 och alla fina ljus s\u00e5 b\u00f6rjar energin s\u00e5 sakteliga komma till baka. Sicken tur, nu n\u00e4r det \u00e4r dax f\u00f6r allt julbak! [&hellip;]<\/p>\n","protected":false},"author":2,"featured_media":0,"comment_status":"open","ping_status":"open","sticky":false,"template":"","format":"standard","meta":{"footnotes":""},"categories":[45,39,21],"tags":[241,243,244,363,242,52],"class_list":["post-2009","post","type-post","status-publish","format-standard","hentry","category-jul","category-pyssel","category-sotsaker","tag-choklad","tag-chokladkalender","tag-godis","tag-jul","tag-kalender","tag-tradition"],"_links":{"self":[{"href":"https:\/\/lotta.agholme.se\/blog\/index.php?rest_route=\/wp\/v2\/posts\/2009","targetHints":{"allow":["GET"]}}],"collection":[{"href":"https:\/\/lotta.agholme.se\/blog\/index.php?rest_route=\/wp\/v2\/posts"}],"about":[{"href":"https:\/\/lotta.agholme.se\/blog\/index.php?rest_route=\/wp\/v2\/types\/post"}],"author":[{"embeddable":true,"href":"https:\/\/lotta.agholme.se\/blog\/index.php?rest_route=\/wp\/v2\/users\/2"}],"replies":[{"embeddable":true,"href":"https:\/\/lotta.agholme.se\/blog\/index.php?rest_route=%2Fwp%2Fv2%2Fcomments&post=2009"}],"version-history":[{"count":3,"href":"https:\/\/lotta.agholme.se\/blog\/index.php?rest_route=\/wp\/v2\/posts\/2009\/revisions"}],"predecessor-version":[{"id":2013,"href":"https:\/\/lotta.agholme.se\/blog\/index.php?rest_route=\/wp\/v2\/posts\/2009\/revisions\/2013"}],"wp:attachment":[{"href":"https:\/\/lotta.agholme.se\/blog\/index.php?rest_route=%2Fwp%2Fv2%2Fmedia&parent=2009"}],"wp:term":[{"taxonomy":"category","embeddable":true,"href":"https:\/\/lotta.agholme.se\/blog\/index.php?rest_route=%2Fwp%2Fv2%2Fcategories&post=2009"},{"taxonomy":"post_tag","embeddable":true,"href":"https:\/\/lotta.agholme.se\/blog\/index.php?rest_route=%2Fwp%2Fv2%2Ftags&post=2009"}],"curies":[{"name":"wp","href":"https:\/\/api.w.org\/{rel}","templated":true}]}}