{"id":1765,"date":"2010-06-06T20:23:00","date_gmt":"2010-06-06T19:23:00","guid":{"rendered":"http:\/\/lotta.hellstrom.st\/blog\/?p=1765"},"modified":"2010-06-06T20:23:00","modified_gmt":"2010-06-06T19:23:00","slug":"premiar-pa-nationaldagen","status":"publish","type":"post","link":"https:\/\/lotta.agholme.se\/blog\/?p=1765","title":{"rendered":"Premi\u00e4r p\u00e5 nationaldagen"},"content":{"rendered":"<p><a href=\"http:\/\/lotta.hellstrom.st\/blog\/wp-content\/uploads\/2010\/06\/nationaldag.jpg\"><img loading=\"lazy\" decoding=\"async\" src=\"http:\/\/lotta.hellstrom.st\/blog\/wp-content\/uploads\/2010\/06\/nationaldag.jpg\" alt=\"Nationaldagsmat\" title=\"Nationaldagsmat\" width=\"453\" height=\"340\" class=\"aligncenter size-full wp-image-1766\" srcset=\"https:\/\/lotta.agholme.se\/blog\/wp-content\/uploads\/2010\/06\/nationaldag.jpg 453w, https:\/\/lotta.agholme.se\/blog\/wp-content\/uploads\/2010\/06\/nationaldag-399x300.jpg 399w\" sizes=\"auto, (max-width: 453px) 100vw, 453px\" \/><\/a><\/p>\n<p>Det h\u00e4r med nationaldagsfirande har jag inte kommit ig\u00e5ng med p\u00e5 riktigt. Men n\u00e5got svenskare \u00e4n f\u00e4rskpotatis-premi\u00e4r kan det v\u00e4l inte bli? Till f\u00e4rskpotatisen skulle det kanske \u00e4ven serverats sill, men idag hamnade potatisen i en ljummen sallad med senapsdressing. Korv till det, med tre s\u00e5ser dagen till \u00e4ra.* Att m\u00e5ltiden intogs ute p\u00e5 altanen, vid sommarstugan, d\u00e4r vi f\u00f6r f\u00f6rsta g\u00e5ngen i \u00e5r kunde g\u00e5 runt i badkl\u00e4der (dock inget dopp \u00e4nnu) gjorde inte saken s\u00e4mre. Heja Sverige!<\/p>\n<p>*BBQ s\u00e5s, vitl\u00f6kss\u00e5s och pesto ifall n\u00e5gon undrade vad som l\u00e5g p\u00e5 tallriken.<\/p>\n","protected":false},"excerpt":{"rendered":"<p>Det h\u00e4r med nationaldagsfirande har jag inte kommit ig\u00e5ng med p\u00e5 riktigt. Men n\u00e5got svenskare \u00e4n f\u00e4rskpotatis-premi\u00e4r kan det v\u00e4l inte bli? Till f\u00e4rskpotatisen skulle det kanske \u00e4ven serverats sill, men idag hamnade potatisen i en ljummen sallad med senapsdressing. Korv till det, med tre s\u00e5ser dagen till \u00e4ra.* Att m\u00e5ltiden intogs ute p\u00e5 altanen, [&hellip;]<\/p>\n","protected":false},"author":2,"featured_media":0,"comment_status":"open","ping_status":"open","sticky":false,"template":"","format":"standard","meta":{"footnotes":""},"categories":[94,3,24],"tags":[176,175,346,174,162],"class_list":["post-1765","post","type-post","status-publish","format-standard","hentry","category-kott-mat","category-mat","category-sallad","tag-ata-utomhus","tag-farskpotatis","tag-mat","tag-nationaldag","tag-sommar"],"_links":{"self":[{"href":"https:\/\/lotta.agholme.se\/blog\/index.php?rest_route=\/wp\/v2\/posts\/1765","targetHints":{"allow":["GET"]}}],"collection":[{"href":"https:\/\/lotta.agholme.se\/blog\/index.php?rest_route=\/wp\/v2\/posts"}],"about":[{"href":"https:\/\/lotta.agholme.se\/blog\/index.php?rest_route=\/wp\/v2\/types\/post"}],"author":[{"embeddable":true,"href":"https:\/\/lotta.agholme.se\/blog\/index.php?rest_route=\/wp\/v2\/users\/2"}],"replies":[{"embeddable":true,"href":"https:\/\/lotta.agholme.se\/blog\/index.php?rest_route=%2Fwp%2Fv2%2Fcomments&post=1765"}],"version-history":[{"count":4,"href":"https:\/\/lotta.agholme.se\/blog\/index.php?rest_route=\/wp\/v2\/posts\/1765\/revisions"}],"predecessor-version":[{"id":1770,"href":"https:\/\/lotta.agholme.se\/blog\/index.php?rest_route=\/wp\/v2\/posts\/1765\/revisions\/1770"}],"wp:attachment":[{"href":"https:\/\/lotta.agholme.se\/blog\/index.php?rest_route=%2Fwp%2Fv2%2Fmedia&parent=1765"}],"wp:term":[{"taxonomy":"category","embeddable":true,"href":"https:\/\/lotta.agholme.se\/blog\/index.php?rest_route=%2Fwp%2Fv2%2Fcategories&post=1765"},{"taxonomy":"post_tag","embeddable":true,"href":"https:\/\/lotta.agholme.se\/blog\/index.php?rest_route=%2Fwp%2Fv2%2Ftags&post=1765"}],"curies":[{"name":"wp","href":"https:\/\/api.w.org\/{rel}","templated":true}]}}