{"id":1446,"date":"2010-02-20T17:29:16","date_gmt":"2010-02-20T16:29:16","guid":{"rendered":"http:\/\/lotta.hellstrom.st\/blog\/?p=1446"},"modified":"2010-02-20T17:29:16","modified_gmt":"2010-02-20T16:29:16","slug":"langfrukost-nar-snon-yr-utanfor-fonstret","status":"publish","type":"post","link":"https:\/\/lotta.agholme.se\/blog\/?p=1446","title":{"rendered":"L\u00e5ngfrukost n\u00e4r sn\u00f6n yr utanf\u00f6r f\u00f6nstret"},"content":{"rendered":"<p><a href=\"http:\/\/lotta.hellstrom.st\/blog\/wp-content\/uploads\/2010\/02\/frukostfrallor2.jpg\"><img loading=\"lazy\" decoding=\"async\" src=\"http:\/\/lotta.hellstrom.st\/blog\/wp-content\/uploads\/2010\/02\/frukostfrallor2.jpg\" alt=\"Frukostmacka!\" title=\"Frukostmacka!\" width=\"450\" height=\"300\" class=\"aligncenter size-full wp-image-1448\" srcset=\"https:\/\/lotta.agholme.se\/blog\/wp-content\/uploads\/2010\/02\/frukostfrallor2.jpg 450w, https:\/\/lotta.agholme.se\/blog\/wp-content\/uploads\/2010\/02\/frukostfrallor2-300x200.jpg 300w\" sizes=\"auto, (max-width: 450px) 100vw, 450px\" \/><\/a><em><center>Denna, ett stort glas juice och morgontidningen. Helgfrukost \u00e4r h\u00e4rligt!<\/center><\/em><\/p>\n<p>Efter g\u00e5rdagens firande var det sk\u00f6nt att ta en l\u00e5ngfrukost idag. Speciellt som sn\u00f6n verkligen yrde utanf\u00f6r f\u00f6nstret (det g\u00f6r den fortfarande dessutom)! <\/p>\n<p>\u00c4ven om jag var lite seg ig\u00e5r kv\u00e4ll r\u00f6rde jag ihop en deg inspirerad av <a href=\"http:\/\/paindemartin.blogspot.com\/2009\/12\/god-jullovsfrukost.html\">dessa br\u00f6d<\/a>. Jag beh\u00f6ll f\u00f6rh\u00e5llandena j\u00e4st-mj\u00f6l-vatten-salt, men \u00e4ndrade lite i mj\u00f6lsorterna. Det blev r\u00e5gmj\u00f6l, dinkelfullkorn och vetemj\u00f6l special. Sedan s\u00e5 r\u00f6rde jag \u00e4ven ner lite solrosfr\u00f6n och tranb\u00e4r. Degen fick sedan j\u00e4sa i kylen \u00f6ver natten och resten av utf\u00f6randet blev ungef\u00e4r som Martin beskrev det. L\u00e4tt som en pl\u00e4tt hade vi underbart doftande, varma fukostfrallor! <\/p>\n<p><a href=\"http:\/\/lotta.hellstrom.st\/blog\/wp-content\/uploads\/2010\/02\/frukostfrallor1.jpg\"><img loading=\"lazy\" decoding=\"async\" src=\"http:\/\/lotta.hellstrom.st\/blog\/wp-content\/uploads\/2010\/02\/frukostfrallor1.jpg\" alt=\"Frukostfrallor\" title=\"Frukostfrallor\" width=\"450\" height=\"300\" class=\"aligncenter size-full wp-image-1447\" srcset=\"https:\/\/lotta.agholme.se\/blog\/wp-content\/uploads\/2010\/02\/frukostfrallor1.jpg 450w, https:\/\/lotta.agholme.se\/blog\/wp-content\/uploads\/2010\/02\/frukostfrallor1-300x200.jpg 300w\" sizes=\"auto, (max-width: 450px) 100vw, 450px\" \/><\/a><\/p>\n<p>Detta kommer upprepas m\u00e5nga helgmornar fram\u00f6ver, f\u00f6r det \u00e4r ju s\u00e5 l\u00e4tt! Det \u00e4r sk\u00f6nt att baka med j\u00e4st ibland som omv\u00e4xling.<\/p>\n","protected":false},"excerpt":{"rendered":"<p>Denna, ett stort glas juice och morgontidningen. Helgfrukost \u00e4r h\u00e4rligt! Efter g\u00e5rdagens firande var det sk\u00f6nt att ta en l\u00e5ngfrukost idag. Speciellt som sn\u00f6n verkligen yrde utanf\u00f6r f\u00f6nstret (det g\u00f6r den fortfarande dessutom)! \u00c4ven om jag var lite seg ig\u00e5r kv\u00e4ll r\u00f6rde jag ihop en deg inspirerad av dessa br\u00f6d. Jag beh\u00f6ll f\u00f6rh\u00e5llandena j\u00e4st-mj\u00f6l-vatten-salt, men [&hellip;]<\/p>\n","protected":false},"author":2,"featured_media":0,"comment_status":"open","ping_status":"open","sticky":false,"template":"","format":"standard","meta":{"footnotes":""},"categories":[2,16,25],"tags":[349,58,355,60,59],"class_list":["post-1446","post","type-post","status-publish","format-standard","hentry","category-baka","category-brod","category-frukost","tag-brod","tag-frallor","tag-frukost","tag-helgfrukost","tag-kalljasa"],"_links":{"self":[{"href":"https:\/\/lotta.agholme.se\/blog\/index.php?rest_route=\/wp\/v2\/posts\/1446","targetHints":{"allow":["GET"]}}],"collection":[{"href":"https:\/\/lotta.agholme.se\/blog\/index.php?rest_route=\/wp\/v2\/posts"}],"about":[{"href":"https:\/\/lotta.agholme.se\/blog\/index.php?rest_route=\/wp\/v2\/types\/post"}],"author":[{"embeddable":true,"href":"https:\/\/lotta.agholme.se\/blog\/index.php?rest_route=\/wp\/v2\/users\/2"}],"replies":[{"embeddable":true,"href":"https:\/\/lotta.agholme.se\/blog\/index.php?rest_route=%2Fwp%2Fv2%2Fcomments&post=1446"}],"version-history":[{"count":2,"href":"https:\/\/lotta.agholme.se\/blog\/index.php?rest_route=\/wp\/v2\/posts\/1446\/revisions"}],"predecessor-version":[{"id":1450,"href":"https:\/\/lotta.agholme.se\/blog\/index.php?rest_route=\/wp\/v2\/posts\/1446\/revisions\/1450"}],"wp:attachment":[{"href":"https:\/\/lotta.agholme.se\/blog\/index.php?rest_route=%2Fwp%2Fv2%2Fmedia&parent=1446"}],"wp:term":[{"taxonomy":"category","embeddable":true,"href":"https:\/\/lotta.agholme.se\/blog\/index.php?rest_route=%2Fwp%2Fv2%2Fcategories&post=1446"},{"taxonomy":"post_tag","embeddable":true,"href":"https:\/\/lotta.agholme.se\/blog\/index.php?rest_route=%2Fwp%2Fv2%2Ftags&post=1446"}],"curies":[{"name":"wp","href":"https:\/\/api.w.org\/{rel}","templated":true}]}}