{"id":1431,"date":"2010-02-16T09:35:28","date_gmt":"2010-02-16T08:35:28","guid":{"rendered":"http:\/\/lotta.hellstrom.st\/blog\/?p=1431"},"modified":"2010-02-19T15:42:18","modified_gmt":"2010-02-19T14:42:18","slug":"fettisdag-semmeltisdag","status":"publish","type":"post","link":"https:\/\/lotta.agholme.se\/blog\/?p=1431","title":{"rendered":"Fettisdag = semmeltisdag!"},"content":{"rendered":"<p>Sedan barnsben har fettisdagen varit ljuset i tunneln under de m\u00f6rka vinterm\u00e5naderna. Jag blir fortfarande barnsligt glad n\u00e4r det \u00e4r dags f\u00f6r semmel-tisdagen, \u00e4ven om jag nu i vuxen \u00e5lder IBLAND fuskar lite med premi\u00e4ren. Som jag tidigare (f\u00f6rra \u00e5ret d\u00e5) n\u00e4mnt s\u00e5 \u00e4ter vi i v\u00e5r familj fr\u00e5n och med denna dag semlor varje tisdag fram till p\u00e5sk. Det \u00e4r en faste-tid jag kan leva med. <\/p>\n<p>D\u00e5 denna tisdag f\u00f6r det mesta erbjuder fler semlor \u00e4n \u00e4ven jag m\u00e4ktar med, blir det nog ingen hemlagad idag. Ist\u00e4llet s\u00e5 visar jag upp en av s\u00f6ndagens semlor (d\u00e5 \u00e4ven fastlagss\u00f6ndagen kr\u00e4ver en semla), som i alla-hj\u00e4rtans dag anda pryddes med rosa gr\u00e4dde (lite jordgubbssaft) och pudrade hj\u00e4rtan. <\/p>\n<p><a href=\"http:\/\/lotta.hellstrom.st\/blog\/wp-content\/uploads\/2010\/02\/semla2.jpg\"><img loading=\"lazy\" decoding=\"async\" src=\"http:\/\/lotta.hellstrom.st\/blog\/wp-content\/uploads\/2010\/02\/semla2.jpg\" alt=\"Hj\u00e4rtesemla\" title=\"Hj\u00e4rtesemla\" width=\"450\" height=\"300\" class=\"aligncenter size-full wp-image-1433\" srcset=\"https:\/\/lotta.agholme.se\/blog\/wp-content\/uploads\/2010\/02\/semla2.jpg 450w, https:\/\/lotta.agholme.se\/blog\/wp-content\/uploads\/2010\/02\/semla2-300x200.jpg 300w\" sizes=\"auto, (max-width: 450px) 100vw, 450px\" \/><\/a><\/p>\n<p>\u00c4ven mandelmassan\/fyllningen g\u00f6r jag sj\u00e4lv (ja, jag vet, men det blir ju godast s\u00e5!) genom att mala mandel, blanda med lite florsocker, inkr\u00e5m fr\u00e5n bullarna samt lite mj\u00f6lk. Ska det vara extra festligt \u00e5ker det ner lite amaretto ocks\u00e5! Njut nu riktigt ordentlig, snart \u00e4r det ett \u00e5r igen till n\u00e4sta semla. <\/p>\n","protected":false},"excerpt":{"rendered":"<p>Sedan barnsben har fettisdagen varit ljuset i tunneln under de m\u00f6rka vinterm\u00e5naderna. Jag blir fortfarande barnsligt glad n\u00e4r det \u00e4r dags f\u00f6r semmel-tisdagen, \u00e4ven om jag nu i vuxen \u00e5lder IBLAND fuskar lite med premi\u00e4ren. Som jag tidigare (f\u00f6rra \u00e5ret d\u00e5) n\u00e4mnt s\u00e5 \u00e4ter vi i v\u00e5r familj fr\u00e5n och med denna dag semlor varje [&hellip;]<\/p>\n","protected":false},"author":2,"featured_media":0,"comment_status":"open","ping_status":"open","sticky":false,"template":"","format":"standard","meta":{"footnotes":""},"categories":[21],"tags":[53,51,52],"class_list":["post-1431","post","type-post","status-publish","format-standard","hentry","category-sotsaker","tag-fettisdag","tag-semla","tag-tradition"],"_links":{"self":[{"href":"https:\/\/lotta.agholme.se\/blog\/index.php?rest_route=\/wp\/v2\/posts\/1431","targetHints":{"allow":["GET"]}}],"collection":[{"href":"https:\/\/lotta.agholme.se\/blog\/index.php?rest_route=\/wp\/v2\/posts"}],"about":[{"href":"https:\/\/lotta.agholme.se\/blog\/index.php?rest_route=\/wp\/v2\/types\/post"}],"author":[{"embeddable":true,"href":"https:\/\/lotta.agholme.se\/blog\/index.php?rest_route=\/wp\/v2\/users\/2"}],"replies":[{"embeddable":true,"href":"https:\/\/lotta.agholme.se\/blog\/index.php?rest_route=%2Fwp%2Fv2%2Fcomments&post=1431"}],"version-history":[{"count":7,"href":"https:\/\/lotta.agholme.se\/blog\/index.php?rest_route=\/wp\/v2\/posts\/1431\/revisions"}],"predecessor-version":[{"id":1443,"href":"https:\/\/lotta.agholme.se\/blog\/index.php?rest_route=\/wp\/v2\/posts\/1431\/revisions\/1443"}],"wp:attachment":[{"href":"https:\/\/lotta.agholme.se\/blog\/index.php?rest_route=%2Fwp%2Fv2%2Fmedia&parent=1431"}],"wp:term":[{"taxonomy":"category","embeddable":true,"href":"https:\/\/lotta.agholme.se\/blog\/index.php?rest_route=%2Fwp%2Fv2%2Fcategories&post=1431"},{"taxonomy":"post_tag","embeddable":true,"href":"https:\/\/lotta.agholme.se\/blog\/index.php?rest_route=%2Fwp%2Fv2%2Ftags&post=1431"}],"curies":[{"name":"wp","href":"https:\/\/api.w.org\/{rel}","templated":true}]}}